[{"@context":"https:\/\/schema.org\/","@type":"Article","@id":"https:\/\/www.calla.sk\/vhodne-aj-pre-vas\/#Article","mainEntityOfPage":"https:\/\/www.calla.sk\/vhodne-aj-pre-vas\/","headline":"Vhodn\u00e9 aj pre V\u00e1s","name":"Vhodn\u00e9 aj pre V\u00e1s","description":"M\u00e1te radi Viano\u010dn\u00fd \u010das a celkov\u00fa atmosf\u00e9ru, ktor\u00fa so sebou zimn\u00e9 obdobie prin\u00e1\u0161a? V tomto pr\u00edpade budete za isto ve\u013ek\u00fdmi fan\u00fa\u0161ikmi rovnako aj dekor\u00e1ci\u00ed, najm\u00e4 svetielok, ktor\u00e9 so sebou prin\u00e1\u0161aj\u00fa&hellip; ","datePublished":"2024-05-05","dateModified":"2024-06-08","author":{"@type":"Person","@id":"https:\/\/www.calla.sk\/author\/#Person","name":"","url":"https:\/\/www.calla.sk\/author\/","identifier":1,"image":{"@type":"ImageObject","@id":"https:\/\/secure.gravatar.com\/avatar\/a414941ff2b86a79f1a70a433f21d60df00047fefe742a46b6fded139881a475?s=96&d=mm&r=g","url":"https:\/\/secure.gravatar.com\/avatar\/a414941ff2b86a79f1a70a433f21d60df00047fefe742a46b6fded139881a475?s=96&d=mm&r=g","height":96,"width":96}},"publisher":{"@type":"Organization","name":"calla.sk","logo":{"@type":"ImageObject","@id":"\/logo.png","url":"\/logo.png","width":600,"height":60}},"image":{"@type":"ImageObject","@id":"https:\/\/www.calla.sk\/wp-content\/uploads\/bruno-nascimento-9XTyIiFceKM-unsplash.jpg","url":"https:\/\/www.calla.sk\/wp-content\/uploads\/bruno-nascimento-9XTyIiFceKM-unsplash.jpg","height":0,"width":0},"url":"https:\/\/www.calla.sk\/vhodne-aj-pre-vas\/","about":["Tovar"],"wordCount":409,"articleBody":"   M\u00e1te radi Viano\u010dn\u00fd \u010das a celkov\u00fa atmosf\u00e9ru, ktor\u00fa so sebou zimn\u00e9 obdobie prin\u00e1\u0161a? V tomto pr\u00edpade budete za isto ve\u013ek\u00fdmi fan\u00fa\u0161ikmi rovnako aj dekor\u00e1ci\u00ed, najm\u00e4 svetielok, ktor\u00e9 so sebou prin\u00e1\u0161aj\u00fa chv\u00ed\u013eky pohody a pokoja. Sveteln\u00e9 re\u0165aze patria medzi favoritov v oblasti ozd\u00f4b a osvetlenia. LED sveteln\u00e9 re\u0165aze s\u00fa toti\u017eto cenovo dostupn\u00e9, maj\u00fa dlh\u00fa \u017eivotnos\u0165 a dok\u00e1\u017eete ich aplikova\u0165 takmer \u00faplne v\u0161ade. Tieto sveteln\u00e9 re\u0165aze m\u00f4\u017eete zak\u00fapi\u0165 priamo u n\u00e1s, na na\u0161om e-shope v tej najlep\u0161ej cene a kvalite ak\u00fa m\u00f4\u017eete na Slovensku dosta\u0165. Pon\u00fakame V\u00e1m na v\u00fdber \u0161irok\u00fa \u0161k\u00e1lu najr\u00f4znej\u0161\u00edch LED sveteln\u00fdch re\u0165az\u00ed, ktor\u00e9 si m\u00f4\u017eete vybera\u0165 pod\u013ea d\u013a\u017eky, farieb \u010di aj r\u00f4znych farebn\u00fdch prevedeniach. Tieto sveteln\u00e9 re\u0165aze sa naj\u010dastej\u0161ie vyu\u017e\u00edvaj\u00fa pr\u00e1ve po\u010das Viano\u010dn\u00fdch sviatkov, ale samozrejme ich je mo\u017en\u00e9 vyu\u017ei\u0165 aj pre in\u00fd \u00fa\u010del, a to kedyko\u013evek po\u010das cel\u00e9ho roka. Tieto modern\u00e9 sveteln\u00e9 re\u0165aze maj\u00fa v\u0161ak ove\u013ea v\u00e4\u010d\u0161iu \u017eivotnos\u0165 ako star\u00e9 svetielka, ktor\u00e9 v\u0161etci dobre pozn\u00e1me. Nemus\u00edte sa per to tr\u00e1pi\u0165 ka\u017ed\u00fd rok s nov\u00fdmi svetielkami na viano\u010dn\u00fd strom\u010dek, popr\u00edpade ak t\u00fato sveteln\u00fa re\u0165az chcete vyu\u017e\u00edva\u0165 na oslavy \u010di in\u00e9 podujatia, kde potrebujete kvalitn\u00e9 ozdoby, tak pr\u00e1ve re\u0165aze od n\u00e1s bud\u00fa pre V\u00e1s v\u017edy spo\u013eahliv\u00e9 rie\u0161enie, ktor\u00e9 V\u00e1s nesklame.Ke\u010f\u017ee sa jedn\u00e1 o LED osvetlenie dok\u00e1\u017eete pri pou\u017e\u00edvan\u00ed tejto re\u0165aze aj v\u00fdrazne u\u0161etri\u0165 na rozdiel od in\u00fdch druhov osvetlenia \u010di ozd\u00f4b. Ekologick\u00fd sp\u00f4sob, ako dopom\u00f4c\u0165 sebe aj pr\u00edrode je l\u00e1kadlom pre mnoh\u00fdch a, aj to n\u00e1s poh\u00e1\u0148a neust\u00e1le \u010falej pri vym\u00fd\u0161\u013ean\u00ed a objavovan\u00ed nov\u00fdch sp\u00f4sobov, ako na\u0161ich vern\u00fdch z\u00e1kazn\u00edkov pote\u0161i\u0165. Okrem tohto druhu svetiel u n\u00e1s samozrejme m\u00f4\u017eete objavi\u0165 aj in\u00e9 mo\u017enosti pre v\u00fdzdoby svojich interi\u00e9rov, aj exteri\u00e9rov a z\u00e1rove\u0148, tak u\u0161etri\u0165 na energi\u00e1ch. LED produkty, ktor\u00e9 sa neust\u00e1le st\u00e1vaj\u00fa popul\u00e1rnej\u0161\u00edmi teraz m\u00f4\u017eete vlastni\u0165 aj Vy. Sta\u010d\u00ed si objedna\u0165 priamo u n\u00e1s a svoje objedn\u00e1vky budete ma\u0165 vo svojich ruk\u00e1ch behom chv\u00ed\u013eky.                                                                                                                                                                                                                                                                                                                                                                                                  "},{"@context":"https:\/\/schema.org\/","@type":"BreadcrumbList","itemListElement":[{"@type":"ListItem","position":1,"name":"Vhodn\u00e9 aj pre V\u00e1s","item":"https:\/\/www.calla.sk\/vhodne-aj-pre-vas\/#breadcrumbitem"}]}]