[{"@context":"https:\/\/schema.org\/","@type":"Article","@id":"https:\/\/www.calla.sk\/ten-spravny-koberec\/#Article","mainEntityOfPage":"https:\/\/www.calla.sk\/ten-spravny-koberec\/","headline":"Ten spr\u00e1vny koberec","name":"Ten spr\u00e1vny koberec","description":"Modern\u00e9 b\u00fdvanie si ve\u013ea \u013eud\u00ed predstavuje ako steriln\u00e9 biele, \u010di pastelov\u00e9 prostredie s\u00a0pl\u00e1vaj\u00facimi podlahami, kachli\u010dkami alebo parketami. Nemus\u00ed to tak ale by\u0165. Koberce sa vracaj\u00fa do dom\u00e1cnost\u00ed a\u00a0s\u00fa veru spr\u00e1vnou&hellip; ","datePublished":"2019-10-26","dateModified":"2019-10-26","author":{"@type":"Person","@id":"https:\/\/www.calla.sk\/author\/#Person","name":"","url":"https:\/\/www.calla.sk\/author\/","identifier":1,"image":{"@type":"ImageObject","@id":"https:\/\/secure.gravatar.com\/avatar\/a414941ff2b86a79f1a70a433f21d60df00047fefe742a46b6fded139881a475?s=96&d=mm&r=g","url":"https:\/\/secure.gravatar.com\/avatar\/a414941ff2b86a79f1a70a433f21d60df00047fefe742a46b6fded139881a475?s=96&d=mm&r=g","height":96,"width":96}},"publisher":{"@type":"Organization","name":"calla.sk","logo":{"@type":"ImageObject","@id":"\/logo.png","url":"\/logo.png","width":600,"height":60}},"image":{"@type":"ImageObject","@id":"https:\/\/www.calla.sk\/wp-content\/uploads\/img_a307566_w16748_t1571926616.jpg","url":"https:\/\/www.calla.sk\/wp-content\/uploads\/img_a307566_w16748_t1571926616.jpg","height":0,"width":0},"url":"https:\/\/www.calla.sk\/ten-spravny-koberec\/","about":["B\u00fdvanie"],"wordCount":376,"articleBody":"Modern\u00e9 b\u00fdvanie si ve\u013ea \u013eud\u00ed predstavuje ako steriln\u00e9 biele, \u010di pastelov\u00e9 prostredie s\u00a0pl\u00e1vaj\u00facimi podlahami, kachli\u010dkami alebo parketami. Nemus\u00ed to tak ale by\u0165. Koberce sa vracaj\u00fa do dom\u00e1cnost\u00ed a\u00a0s\u00fa veru spr\u00e1vnou vo\u013ebou. Je ich na v\u00fdber tak\u00e9 mno\u017estvo r\u00f4znych dizajnov, farieb a\u00a0materi\u00e1lov, \u017ee si vyberie ka\u017ed\u00fd. Odporcovia kobercov povedia, \u017ee sa zle udr\u017euj\u00fa. Nie je to pravda. Z\u00e1vis\u00ed to len od toho, ak\u00fd koberec si zvol\u00edte. Koberce navy\u0161e p\u00f4sobia v\u00a0priestore ve\u013emi \u00fatulne a\u00a0po\u010das zimn\u00fdch mesiacov zahrej\u00fa nielen nohy, ale aj cel\u00fa miestnos\u0165.Cena kobercaje priamo \u00famern\u00e1 tomu ak\u00fd typ vl\u00e1kna bol pou\u017eit\u00fd. Najdrah\u0161ie s\u00fa koberce vlnen\u00e9 a\u00a0v\u0161etky, ktor\u00e9 s\u00fa vyroben\u00e9 z\u00a0pr\u00edrodn\u00fdch materi\u00e1lov. Ak si chcete vybra\u0165 koberec, ktor\u00fd sa bude \u013eahko udr\u017eiava\u0165 alebo ho chcete umiestni\u0165 do izby, v\u00a0ktorej predpoklad\u00e1te zv\u00fd\u0161en\u00fa mo\u017enos\u0165 zne\u010distenia, je dobr\u00e9 si vybra\u0165 koberec vyroben\u00fd zo slu\u010diek. V\u00a0pr\u00edpade, \u017ee h\u013ead\u00e1te nie\u010do \u010d\u00edm by ste zakryli len \u010das\u0165 miestnosti, je dobr\u00e9 siahnu\u0165 po kusov\u00fdch kobercoch. V\u00a0ob\u00fdva\u010dke by tak\u00fdto koberec mal pokr\u00fdva\u0165 cel\u00fd priestor ur\u010den\u00fd na sedenie (seda\u010dku, kresl\u00e1, konferen\u010dn\u00fd stol\u00edk). V\u00a0jed\u00e1lni jeho ve\u013ekos\u0165 u\u010d\u00edte pod\u013ea toho, \u017ee po odsunut\u00ed stoli\u010dky od stola by nemali stoli\u010dky pre\u010dnieva\u0165 cez koberec. A\u00a0samozrejme, \u017ee v\u00a0sp\u00e1lni, \u010di detskej izbe je ve\u013emi pr\u00edjemn\u00e9 st\u00fapi\u0165 po prebuden\u00ed na tepl\u00fd koberec. Na zakrytie celej podlahy s\u00fa ur\u010den\u00e9 koberce celoplo\u0161n\u00e9. Nemus\u00edte sa ich b\u00e1\u0165, priestor naozaj kr\u00e1sne doplnia a\u00a0dodaj\u00fa mu pocit plnosti.Na za\u010diatku sme spom\u00ednali, \u017ee koberec zahreje cel\u00fa miestnos\u0165. Aby tomu tak naozaj bolo, vyberte si tak\u00fd, ktor\u00fd ma \u010do najv\u00e4\u010d\u0161\u00ed po\u010det stehov t.j. slu\u010diek a\u00a0vl\u00e1kien. Tie zabezpe\u010duj\u00fa hustotu koberca a\u00a0t\u00fdm p\u00e1dom aj tepeln\u00fa izol\u00e1ciu. \u00a0Pri farbe sa medze neklad\u00fa. Ale ak je izba u\u017e ve\u013emi farebn\u00e1, je dobre ju vyv\u00e1\u017ei\u0165 jemnej\u0161\u00edmi, neutr\u00e1lnymi farbami koberca.\u00a0 Naopak pri jednoducho zariadenej izbe, m\u00f4\u017eete zvoli\u0165 aj geometrick\u00e9 tvary a\u00a0pestr\u00e9 farby.                                                                                                                                                                                                                                                                                                                                                                                                "},{"@context":"https:\/\/schema.org\/","@type":"BreadcrumbList","itemListElement":[{"@type":"ListItem","position":1,"name":"Ten spr\u00e1vny koberec","item":"https:\/\/www.calla.sk\/ten-spravny-koberec\/#breadcrumbitem"}]}]