[{"@context":"https:\/\/schema.org\/","@type":"Article","@id":"https:\/\/www.calla.sk\/prestal-komunikovat\/#Article","mainEntityOfPage":"https:\/\/www.calla.sk\/prestal-komunikovat\/","headline":"Prestal komunikova\u0165\u00a8","name":"Prestal komunikova\u0165\u00a8","description":"S priate\u013eom sme vych\u00e1dzali v\u017edy dobre, potom pri\u0161iel o papiere, a komunik\u00e1cia padla. V\u00eddame sa u\u017e len 1x t\u00fd\u017edenne&#8230; prestal komunikova\u0165 a max sa ob\u010das ozve&#8230; bol v tiesni a&hellip; ","datePublished":"2024-06-02","dateModified":"2024-06-02","author":{"@type":"Person","@id":"https:\/\/www.calla.sk\/author\/#Person","name":"","url":"https:\/\/www.calla.sk\/author\/","identifier":1,"image":{"@type":"ImageObject","@id":"https:\/\/secure.gravatar.com\/avatar\/a414941ff2b86a79f1a70a433f21d60df00047fefe742a46b6fded139881a475?s=96&d=mm&r=g","url":"https:\/\/secure.gravatar.com\/avatar\/a414941ff2b86a79f1a70a433f21d60df00047fefe742a46b6fded139881a475?s=96&d=mm&r=g","height":96,"width":96}},"publisher":{"@type":"Organization","name":"calla.sk","logo":{"@type":"ImageObject","@id":"\/logo.png","url":"\/logo.png","width":600,"height":60}},"image":{"@type":"ImageObject","@id":"https:\/\/www.calla.sk\/wp-content\/uploads\/art-1839006_1280.jpg","url":"https:\/\/www.calla.sk\/wp-content\/uploads\/art-1839006_1280.jpg","height":0,"width":0},"url":"https:\/\/www.calla.sk\/prestal-komunikovat\/","about":["Lifestyle"],"wordCount":424,"articleBody":"S priate\u013eom sme vych\u00e1dzali v\u017edy dobre, potom pri\u0161iel o papiere, a komunik\u00e1cia padla. V\u00eddame sa u\u017e len 1x t\u00fd\u017edenne&#8230; prestal komunikova\u0165 a max sa ob\u010das ozve&#8230; bol v tiesni a pomohla som&#8230; t\u00fdm sa mi oddialil.. st\u00e1le som nech\u00e1pala pre\u010do, ni\u010d som.mu zl\u00e9ho neurobila&#8230; pred troma dni sme sa videli&#8230;. tam povedal, \u017ee ma miluje, vie \u017ee ja jeho. \u017de so mnou chce by\u0165, ale jednoducho \u017ee m\u00e1 probl\u00e9my&#8230; potom mi ale priznal, \u017ee sa mi vyh\u00fdba, preto\u017ee sa mi nedok\u00e1\u017ee pozrie\u0165 do o\u010d\u00ed, preto\u017ee som mu pomohla&#8230;. za pomoc je v\u010fa\u010dn\u00fd, ve\u013emi mu to pomohlo, ale z\u00e1rove\u0148 ho to ako chlapa zrazilo, \u017ee to vraj nie je on.\u00a0Potom z neho vyliezlo, \u017ee mi tajil, \u017ee ako pri\u0161iel o papiere, za\u010dal bra\u0165 antidepres\u00edva a na to bohu\u017eia\u013e pil&#8230; ja o liekoch nevedela.. posledn\u00e9 4 t\u00fd\u017edne sa to zhor\u0161ilo a zosypal sa. Hovor\u00ed mi ako na m\u0148a st\u00e1le mysl\u00ed ale nedok\u00e1\u017ee sa mi ozva\u0165, preto\u017ee si hne\u010f spomenie na t\u00fa pomoc a telef\u00f3n hod\u00ed do steny&#8230;. tak\u017ee to nakoniec vyzer\u00e1, \u017ee ja som \u010das\u0165 pr\u00ed\u010diny, pre\u010do je na tom tak ako je&#8230; hrozne ch\u00fdba, chcem s n\u00edm by\u0165, on hovor\u00ed \u017ee taky, ale nejde to&#8230; ma to hrozne bol\u00ed.. nap\u00edsala som mu \u017ee by som bola rada, keby ma neignoroval, \u017ee by som sa s n\u00edm potrebovala porozpr\u00e1va\u0165.. na to mi druh\u00fd de\u0148 odpovedal, \u017ee ma neignoruje, ale \u017ee je po liekoch zblbl\u00fd, \u017ee sa ospravedl\u0148uje&#8230;Ja neviem \u010do teraz, rada by som ho podporila, chcem ho vo svojom \u017eivote&#8230; ale neviem \u010do robi\u0165, ako \u010falej&#8230; Neviem, \u010di mu m\u00e1m p\u00edsa\u0165 a sna\u017ei\u0165 sa \u010falej alebo mu necha\u0165 nejak\u00fd \u010das a neoz\u00fdva\u0165 sa mu a po\u010dka\u0165 , a\u017e sa ozve on. Pre m\u0148a je to stra\u0161ne \u0165a\u017ek\u00e9 a nedok\u00e1\u017eem si to nejako predstavi\u0165. Fakt sa c\u00edtim ve\u013emi zle a najhor\u0161ie je to, \u017ee sa boj\u00edm, \u017ee jedn\u00e9ho d\u0148a povie, \u017ee so mnou nechce by\u0165 a \u017ee ho vlastne strat\u00edm. M\u00e1m z toho v\u0161etk\u00e9ho strach a obavy a prem\u00fd\u0161\u013eam, \u010do budem robi\u0165, preto\u017ee sa c\u00edtim fakt hrozne unavene, zdeptane a smutne. Stra\u0161ne mi ch\u00fdba jeho pr\u00edtomnos\u0165 a d\u00fafam, \u017ee to bude ako predt\u00fdm, ke\u010f sme boli spolu.                                                                                                                                                                                                                                                                                                                                                                                                "},{"@context":"https:\/\/schema.org\/","@type":"BreadcrumbList","itemListElement":[{"@type":"ListItem","position":1,"name":"Prestal komunikova\u0165\u00a8","item":"https:\/\/www.calla.sk\/prestal-komunikovat\/#breadcrumbitem"}]}]