[{"@context":"https:\/\/schema.org\/","@type":"Blog","@id":"https:\/\/www.calla.sk#Blog","headline":"Calla","description":"\nfascinuje v\u00e1s veda? Aj o nej si m\u00f4\u017eete u n\u00e1s pre\u010d\u00edta\u0165 do s\u00fdtosti. Na na\u0161om webe n\u00e1jdete mnoh\u00e9 zauj\u00edmav\u00e9 inform\u00e1cie zo sveta, ktor\u00fd zauj\u00edma pr\u00e1ve v\u00e1s.","url":"https:\/\/www.calla.sk","hasPart":[{"@type":"Article","@id":"https:\/\/www.calla.sk\/co-vas-caka-v-tantra-masazach\/","headline":"\u010co v\u00e1s \u010dak\u00e1 v tantra mas\u00e1\u017each","url":"https:\/\/www.calla.sk\/co-vas-caka-v-tantra-masazach\/","datePublished":"2024-06-08","dateModified":"2024-07-08","mainEntityOfPage":"https:\/\/www.calla.sk\/co-vas-caka-v-tantra-masazach\/","author":{"@type":"Person","@id":"https:\/\/www.calla.sk\/author\/#Person","name":"","url":"https:\/\/www.calla.sk\/author\/","identifier":1,"image":{"@type":"ImageObject","@id":"https:\/\/secure.gravatar.com\/avatar\/a414941ff2b86a79f1a70a433f21d60df00047fefe742a46b6fded139881a475?s=96&d=mm&r=g","url":"https:\/\/secure.gravatar.com\/avatar\/a414941ff2b86a79f1a70a433f21d60df00047fefe742a46b6fded139881a475?s=96&d=mm&r=g","height":96,"width":96}},"publisher":{"@type":"Organization","name":"calla.sk","logo":{"@type":"ImageObject","@id":"\/logo.png","url":"\/logo.png","width":600,"height":60}},"image":{"@type":"ImageObject","@id":"https:\/\/www.calla.sk\/wp-content\/uploads\/woman-2118860_640_1.jpg","url":"https:\/\/www.calla.sk\/wp-content\/uploads\/woman-2118860_640_1.jpg","height":0,"width":0},"wordCount":520,"keywords":null},{"@type":"Article","@id":"https:\/\/www.calla.sk\/prestal-komunikovat\/","headline":"Prestal komunikova\u0165\u00a8","url":"https:\/\/www.calla.sk\/prestal-komunikovat\/","datePublished":"2024-06-02","dateModified":"2024-06-02","mainEntityOfPage":"https:\/\/www.calla.sk\/prestal-komunikovat\/","author":{"@type":"Person","@id":"https:\/\/www.calla.sk\/author\/#Person","name":"","url":"https:\/\/www.calla.sk\/author\/","identifier":1,"image":{"@type":"ImageObject","@id":"https:\/\/secure.gravatar.com\/avatar\/a414941ff2b86a79f1a70a433f21d60df00047fefe742a46b6fded139881a475?s=96&d=mm&r=g","url":"https:\/\/secure.gravatar.com\/avatar\/a414941ff2b86a79f1a70a433f21d60df00047fefe742a46b6fded139881a475?s=96&d=mm&r=g","height":96,"width":96}},"publisher":{"@type":"Organization","name":"calla.sk","logo":{"@type":"ImageObject","@id":"\/logo.png","url":"\/logo.png","width":600,"height":60}},"image":{"@type":"ImageObject","@id":"https:\/\/www.calla.sk\/wp-content\/uploads\/art-1839006_1280.jpg","url":"https:\/\/www.calla.sk\/wp-content\/uploads\/art-1839006_1280.jpg","height":0,"width":0},"wordCount":528,"keywords":null},{"@type":"Article","@id":"https:\/\/www.calla.sk\/ako-uspesne-riesit-susedske-spory\/","headline":"Ako \u00faspe\u0161ne rie\u0161i\u0165 susedsk\u00e9 spory","url":"https:\/\/www.calla.sk\/ako-uspesne-riesit-susedske-spory\/","datePublished":"2024-05-19","dateModified":"2024-06-28","mainEntityOfPage":"https:\/\/www.calla.sk\/ako-uspesne-riesit-susedske-spory\/","author":{"@type":"Person","@id":"https:\/\/www.calla.sk\/author\/#Person","name":"","url":"https:\/\/www.calla.sk\/author\/","identifier":1,"image":{"@type":"ImageObject","@id":"https:\/\/secure.gravatar.com\/avatar\/a414941ff2b86a79f1a70a433f21d60df00047fefe742a46b6fded139881a475?s=96&d=mm&r=g","url":"https:\/\/secure.gravatar.com\/avatar\/a414941ff2b86a79f1a70a433f21d60df00047fefe742a46b6fded139881a475?s=96&d=mm&r=g","height":96,"width":96}},"publisher":{"@type":"Organization","name":"calla.sk","logo":{"@type":"ImageObject","@id":"\/logo.png","url":"\/logo.png","width":600,"height":60}},"image":{"@type":"ImageObject","@id":"https:\/\/www.calla.sk\/wp-content\/uploads\/dispute-4709804_640_2.jpg","url":"https:\/\/www.calla.sk\/wp-content\/uploads\/dispute-4709804_640_2.jpg","height":0,"width":0},"wordCount":541,"keywords":null},{"@type":"Article","@id":"https:\/\/www.calla.sk\/na-co-si-davat-pozor-pri-najomnej-zmluve\/","headline":"Na \u010do si d\u00e1va\u0165 pozor pri n\u00e1jomnej zmluve?","url":"https:\/\/www.calla.sk\/na-co-si-davat-pozor-pri-najomnej-zmluve\/","datePublished":"2024-05-14","dateModified":"2024-07-08","mainEntityOfPage":"https:\/\/www.calla.sk\/na-co-si-davat-pozor-pri-najomnej-zmluve\/","author":{"@type":"Person","@id":"https:\/\/www.calla.sk\/author\/#Person","name":"","url":"https:\/\/www.calla.sk\/author\/","identifier":1,"image":{"@type":"ImageObject","@id":"https:\/\/secure.gravatar.com\/avatar\/a414941ff2b86a79f1a70a433f21d60df00047fefe742a46b6fded139881a475?s=96&d=mm&r=g","url":"https:\/\/secure.gravatar.com\/avatar\/a414941ff2b86a79f1a70a433f21d60df00047fefe742a46b6fded139881a475?s=96&d=mm&r=g","height":96,"width":96}},"publisher":{"@type":"Organization","name":"calla.sk","logo":{"@type":"ImageObject","@id":"\/logo.png","url":"\/logo.png","width":600,"height":60}},"image":{"@type":"ImageObject","@id":"https:\/\/www.calla.sk\/wp-content\/uploads\/verdict-3667391_640_3.jpg","url":"https:\/\/www.calla.sk\/wp-content\/uploads\/verdict-3667391_640_3.jpg","height":0,"width":0},"wordCount":614,"keywords":null},{"@type":"Article","@id":"https:\/\/www.calla.sk\/penis-musi-fungovat\/","headline":"Penis mus\u00ed fungova\u0165","url":"https:\/\/www.calla.sk\/penis-musi-fungovat\/","datePublished":"2024-05-10","dateModified":"2024-06-10","mainEntityOfPage":"https:\/\/www.calla.sk\/penis-musi-fungovat\/","author":{"@type":"Person","@id":"https:\/\/www.calla.sk\/author\/#Person","name":"","url":"https:\/\/www.calla.sk\/author\/","identifier":1,"image":{"@type":"ImageObject","@id":"https:\/\/secure.gravatar.com\/avatar\/a414941ff2b86a79f1a70a433f21d60df00047fefe742a46b6fded139881a475?s=96&d=mm&r=g","url":"https:\/\/secure.gravatar.com\/avatar\/a414941ff2b86a79f1a70a433f21d60df00047fefe742a46b6fded139881a475?s=96&d=mm&r=g","height":96,"width":96}},"publisher":{"@type":"Organization","name":"calla.sk","logo":{"@type":"ImageObject","@id":"\/logo.png","url":"\/logo.png","width":600,"height":60}},"image":{"@type":"ImageObject","@id":"https:\/\/www.calla.sk\/wp-content\/uploads\/testicles-2790218_640.jpg","url":"https:\/\/www.calla.sk\/wp-content\/uploads\/testicles-2790218_640.jpg","height":0,"width":0},"wordCount":514,"keywords":null},{"@type":"Article","@id":"https:\/\/www.calla.sk\/svoje-byvanie-si-mozete-vylepsit-a-skraslit-aj-pouzitim-vhodneho-typu-svietidla-napriklad-led-pasika\/","headline":"Svoje b\u00fdvanie si m\u00f4\u017eete vylep\u0161i\u0165 a skr\u00e1\u0161li\u0165 aj pou\u017eit\u00edm vhodn\u00e9ho typu svietidla, napr\u00edklad LED p\u00e1sika","url":"https:\/\/www.calla.sk\/svoje-byvanie-si-mozete-vylepsit-a-skraslit-aj-pouzitim-vhodneho-typu-svietidla-napriklad-led-pasika\/","datePublished":"2024-05-10","dateModified":"2024-07-08","mainEntityOfPage":"https:\/\/www.calla.sk\/svoje-byvanie-si-mozete-vylepsit-a-skraslit-aj-pouzitim-vhodneho-typu-svietidla-napriklad-led-pasika\/","author":{"@type":"Person","@id":"https:\/\/www.calla.sk\/author\/#Person","name":"","url":"https:\/\/www.calla.sk\/author\/","identifier":1,"image":{"@type":"ImageObject","@id":"https:\/\/secure.gravatar.com\/avatar\/a414941ff2b86a79f1a70a433f21d60df00047fefe742a46b6fded139881a475?s=96&d=mm&r=g","url":"https:\/\/secure.gravatar.com\/avatar\/a414941ff2b86a79f1a70a433f21d60df00047fefe742a46b6fded139881a475?s=96&d=mm&r=g","height":96,"width":96}},"publisher":{"@type":"Organization","name":"calla.sk","logo":{"@type":"ImageObject","@id":"\/logo.png","url":"\/logo.png","width":600,"height":60}},"image":{"@type":"ImageObject","@id":"https:\/\/www.calla.sk\/wp-content\/uploads\/ledpasiky1_2.jpg","url":"https:\/\/www.calla.sk\/wp-content\/uploads\/ledpasiky1_2.jpg","height":0,"width":0},"wordCount":531,"keywords":null},{"@type":"Article","@id":"https:\/\/www.calla.sk\/naroky-na-vykon-klimatizacii-sa-zvysuju\/","headline":"N\u00e1roky na v\u00fdkon klimatiz\u00e1cii sa zvy\u0161uj\u00fa","url":"https:\/\/www.calla.sk\/naroky-na-vykon-klimatizacii-sa-zvysuju\/","datePublished":"2024-05-10","dateModified":"2024-05-10","mainEntityOfPage":"https:\/\/www.calla.sk\/naroky-na-vykon-klimatizacii-sa-zvysuju\/","author":{"@type":"Person","@id":"https:\/\/www.calla.sk\/author\/#Person","name":"","url":"https:\/\/www.calla.sk\/author\/","identifier":1,"image":{"@type":"ImageObject","@id":"https:\/\/secure.gravatar.com\/avatar\/a414941ff2b86a79f1a70a433f21d60df00047fefe742a46b6fded139881a475?s=96&d=mm&r=g","url":"https:\/\/secure.gravatar.com\/avatar\/a414941ff2b86a79f1a70a433f21d60df00047fefe742a46b6fded139881a475?s=96&d=mm&r=g","height":96,"width":96}},"publisher":{"@type":"Organization","name":"calla.sk","logo":{"@type":"ImageObject","@id":"\/logo.png","url":"\/logo.png","width":600,"height":60}},"image":{"@type":"ImageObject","@id":"https:\/\/www.calla.sk\/wp-content\/uploads\/woman-4390426_640_3.jpg","url":"https:\/\/www.calla.sk\/wp-content\/uploads\/woman-4390426_640_3.jpg","height":0,"width":0},"wordCount":450,"keywords":null},{"@type":"Article","@id":"https:\/\/www.calla.sk\/vhodne-aj-pre-vas\/","headline":"Vhodn\u00e9 aj pre V\u00e1s","url":"https:\/\/www.calla.sk\/vhodne-aj-pre-vas\/","datePublished":"2024-05-05","dateModified":"2024-06-08","mainEntityOfPage":"https:\/\/www.calla.sk\/vhodne-aj-pre-vas\/","author":{"@type":"Person","@id":"https:\/\/www.calla.sk\/author\/#Person","name":"","url":"https:\/\/www.calla.sk\/author\/","identifier":1,"image":{"@type":"ImageObject","@id":"https:\/\/secure.gravatar.com\/avatar\/a414941ff2b86a79f1a70a433f21d60df00047fefe742a46b6fded139881a475?s=96&d=mm&r=g","url":"https:\/\/secure.gravatar.com\/avatar\/a414941ff2b86a79f1a70a433f21d60df00047fefe742a46b6fded139881a475?s=96&d=mm&r=g","height":96,"width":96}},"publisher":{"@type":"Organization","name":"calla.sk","logo":{"@type":"ImageObject","@id":"\/logo.png","url":"\/logo.png","width":600,"height":60}},"image":{"@type":"ImageObject","@id":"https:\/\/www.calla.sk\/wp-content\/uploads\/bruno-nascimento-9XTyIiFceKM-unsplash.jpg","url":"https:\/\/www.calla.sk\/wp-content\/uploads\/bruno-nascimento-9XTyIiFceKM-unsplash.jpg","height":0,"width":0},"wordCount":566,"keywords":null},{"@type":"Article","@id":"https:\/\/www.calla.sk\/podnikajte-hned-zajtra\/","headline":"Podnikajte hne\u010f zajtra","url":"https:\/\/www.calla.sk\/podnikajte-hned-zajtra\/","datePublished":"2024-03-12","dateModified":"2024-03-12","mainEntityOfPage":"https:\/\/www.calla.sk\/podnikajte-hned-zajtra\/","author":{"@type":"Person","@id":"https:\/\/www.calla.sk\/author\/#Person","name":"","url":"https:\/\/www.calla.sk\/author\/","identifier":1,"image":{"@type":"ImageObject","@id":"https:\/\/secure.gravatar.com\/avatar\/a414941ff2b86a79f1a70a433f21d60df00047fefe742a46b6fded139881a475?s=96&d=mm&r=g","url":"https:\/\/secure.gravatar.com\/avatar\/a414941ff2b86a79f1a70a433f21d60df00047fefe742a46b6fded139881a475?s=96&d=mm&r=g","height":96,"width":96}},"publisher":{"@type":"Organization","name":"calla.sk","logo":{"@type":"ImageObject","@id":"\/logo.png","url":"\/logo.png","width":600,"height":60}},"image":{"@type":"ImageObject","@id":"https:\/\/www.calla.sk\/wp-content\/uploads\/laptop-3196481_1280_3.jpg","url":"https:\/\/www.calla.sk\/wp-content\/uploads\/laptop-3196481_1280_3.jpg","height":0,"width":0},"wordCount":577,"keywords":null},{"@type":"Article","@id":"https:\/\/www.calla.sk\/odolny-ibc-kontajner\/","headline":"Odoln\u00fd IBC kontajner","url":"https:\/\/www.calla.sk\/odolny-ibc-kontajner\/","datePublished":"2024-02-20","dateModified":"2024-05-22","mainEntityOfPage":"https:\/\/www.calla.sk\/odolny-ibc-kontajner\/","author":{"@type":"Person","@id":"https:\/\/www.calla.sk\/author\/#Person","name":"","url":"https:\/\/www.calla.sk\/author\/","identifier":1,"image":{"@type":"ImageObject","@id":"https:\/\/secure.gravatar.com\/avatar\/a414941ff2b86a79f1a70a433f21d60df00047fefe742a46b6fded139881a475?s=96&d=mm&r=g","url":"https:\/\/secure.gravatar.com\/avatar\/a414941ff2b86a79f1a70a433f21d60df00047fefe742a46b6fded139881a475?s=96&d=mm&r=g","height":96,"width":96}},"publisher":{"@type":"Organization","name":"calla.sk","logo":{"@type":"ImageObject","@id":"\/logo.png","url":"\/logo.png","width":600,"height":60}},"image":{"@type":"ImageObject","@id":"https:\/\/www.calla.sk\/wp-content\/uploads\/production-4408573_1280.jpg","url":"https:\/\/www.calla.sk\/wp-content\/uploads\/production-4408573_1280.jpg","height":0,"width":0},"wordCount":563,"keywords":null}]},{"@context":"https:\/\/schema.org","@type":"WebSite","@id":"https:\/\/www.calla.sk\/#website","name":"Calla","url":"https:\/\/www.calla.sk","potentialAction":{"@type":"SearchAction","target":"https:\/\/www.calla.sk\/?s={search_term_string}","query-input":"required name=search_term_string"}}]