[{"@context":"https:\/\/schema.org\/","@type":"Blog","@id":"https:\/\/www.calla.sk#Blog","headline":"Calla","description":"\nfascinuje v\u00e1s veda? Aj o nej si m\u00f4\u017eete u n\u00e1s pre\u010d\u00edta\u0165 do s\u00fdtosti. Na na\u0161om webe n\u00e1jdete mnoh\u00e9 zauj\u00edmav\u00e9 inform\u00e1cie zo sveta, ktor\u00fd zauj\u00edma pr\u00e1ve v\u00e1s.","url":"https:\/\/www.calla.sk","hasPart":[{"@type":"Article","@id":"https:\/\/www.calla.sk\/zdravy-zivotny-styl-krok-za-krokom\/","headline":"Zdrav\u00fd \u017eivotn\u00fd \u0161t\u00fdl \u2013 krok za krokom","url":"https:\/\/www.calla.sk\/zdravy-zivotny-styl-krok-za-krokom\/","datePublished":"2018-08-23","dateModified":"2018-08-23","mainEntityOfPage":"https:\/\/www.calla.sk\/zdravy-zivotny-styl-krok-za-krokom\/","author":{"@type":"Person","@id":"https:\/\/www.calla.sk\/author\/#Person","name":"","url":"https:\/\/www.calla.sk\/author\/","identifier":1,"image":{"@type":"ImageObject","@id":"https:\/\/secure.gravatar.com\/avatar\/a414941ff2b86a79f1a70a433f21d60df00047fefe742a46b6fded139881a475?s=96&d=mm&r=g","url":"https:\/\/secure.gravatar.com\/avatar\/a414941ff2b86a79f1a70a433f21d60df00047fefe742a46b6fded139881a475?s=96&d=mm&r=g","height":96,"width":96}},"publisher":{"@type":"Organization","name":"calla.sk","logo":{"@type":"ImageObject","@id":"\/logo.png","url":"\/logo.png","width":600,"height":60}},"image":{"@type":"ImageObject","@id":"https:\/\/www.calla.sk\/wp-content\/uploads\/img_a292331_w16623_t1540305908.jpg","url":"https:\/\/www.calla.sk\/wp-content\/uploads\/img_a292331_w16623_t1540305908.jpg","height":0,"width":0},"wordCount":557,"keywords":null},{"@type":"Article","@id":"https:\/\/www.calla.sk\/moderna-spalna-v-hnedej\/","headline":"Modern\u00e1 sp\u00e1l\u0148a v hnedej","url":"https:\/\/www.calla.sk\/moderna-spalna-v-hnedej\/","datePublished":"2018-07-06","dateModified":"2018-07-06","mainEntityOfPage":"https:\/\/www.calla.sk\/moderna-spalna-v-hnedej\/","author":{"@type":"Person","@id":"https:\/\/www.calla.sk\/author\/#Person","name":"","url":"https:\/\/www.calla.sk\/author\/","identifier":1,"image":{"@type":"ImageObject","@id":"https:\/\/secure.gravatar.com\/avatar\/a414941ff2b86a79f1a70a433f21d60df00047fefe742a46b6fded139881a475?s=96&d=mm&r=g","url":"https:\/\/secure.gravatar.com\/avatar\/a414941ff2b86a79f1a70a433f21d60df00047fefe742a46b6fded139881a475?s=96&d=mm&r=g","height":96,"width":96}},"publisher":{"@type":"Organization","name":"calla.sk","logo":{"@type":"ImageObject","@id":"\/logo.png","url":"\/logo.png","width":600,"height":60}},"image":{"@type":"ImageObject","@id":"https:\/\/www.calla.sk\/wp-content\/uploads\/img_a289692_w16491_t1531923672.jpg","url":"https:\/\/www.calla.sk\/wp-content\/uploads\/img_a289692_w16491_t1531923672.jpg","height":0,"width":0},"wordCount":490,"keywords":null},{"@type":"Article","@id":"https:\/\/www.calla.sk\/peniaze-nemusia-byt-prioritou\/","headline":"Peniaze nemusia by\u0165 prioritou","url":"https:\/\/www.calla.sk\/peniaze-nemusia-byt-prioritou\/","datePublished":"2018-06-24","dateModified":"2018-06-24","mainEntityOfPage":"https:\/\/www.calla.sk\/peniaze-nemusia-byt-prioritou\/","author":{"@type":"Person","@id":"https:\/\/www.calla.sk\/author\/#Person","name":"","url":"https:\/\/www.calla.sk\/author\/","identifier":1,"image":{"@type":"ImageObject","@id":"https:\/\/secure.gravatar.com\/avatar\/a414941ff2b86a79f1a70a433f21d60df00047fefe742a46b6fded139881a475?s=96&d=mm&r=g","url":"https:\/\/secure.gravatar.com\/avatar\/a414941ff2b86a79f1a70a433f21d60df00047fefe742a46b6fded139881a475?s=96&d=mm&r=g","height":96,"width":96}},"publisher":{"@type":"Organization","name":"calla.sk","logo":{"@type":"ImageObject","@id":"\/logo.png","url":"\/logo.png","width":600,"height":60}},"image":{"@type":"ImageObject","@id":"https:\/\/www.calla.sk\/wp-content\/uploads\/img_a289291_w2030_t1530686653.jpg","url":"https:\/\/www.calla.sk\/wp-content\/uploads\/img_a289291_w2030_t1530686653.jpg","height":0,"width":0},"wordCount":505,"keywords":null},{"@type":"Article","@id":"https:\/\/www.calla.sk\/verte-svojmu-stylu\/","headline":"Verte svojmu \u0161t\u00fdlu","url":"https:\/\/www.calla.sk\/verte-svojmu-stylu\/","datePublished":"2017-12-01","dateModified":"2017-12-01","mainEntityOfPage":"https:\/\/www.calla.sk\/verte-svojmu-stylu\/","author":{"@type":"Person","@id":"https:\/\/www.calla.sk\/author\/#Person","name":"","url":"https:\/\/www.calla.sk\/author\/","identifier":1,"image":{"@type":"ImageObject","@id":"https:\/\/secure.gravatar.com\/avatar\/a414941ff2b86a79f1a70a433f21d60df00047fefe742a46b6fded139881a475?s=96&d=mm&r=g","url":"https:\/\/secure.gravatar.com\/avatar\/a414941ff2b86a79f1a70a433f21d60df00047fefe742a46b6fded139881a475?s=96&d=mm&r=g","height":96,"width":96}},"publisher":{"@type":"Organization","name":"calla.sk","logo":{"@type":"ImageObject","@id":"\/logo.png","url":"\/logo.png","width":600,"height":60}},"image":{"@type":"ImageObject","@id":"https:\/\/www.calla.sk\/wp-content\/uploads\/img_a284441_w2028_t1516277501.jpg","url":"https:\/\/www.calla.sk\/wp-content\/uploads\/img_a284441_w2028_t1516277501.jpg","height":0,"width":0},"wordCount":525,"keywords":null},{"@type":"Article","@id":"https:\/\/www.calla.sk\/zariadujeme-izbu-pre-dve-deti\/","headline":"Zaria\u010fujeme izbu pre dve deti","url":"https:\/\/www.calla.sk\/zariadujeme-izbu-pre-dve-deti\/","datePublished":"2017-10-19","dateModified":"2017-10-19","mainEntityOfPage":"https:\/\/www.calla.sk\/zariadujeme-izbu-pre-dve-deti\/","author":{"@type":"Person","@id":"https:\/\/www.calla.sk\/author\/#Person","name":"","url":"https:\/\/www.calla.sk\/author\/","identifier":1,"image":{"@type":"ImageObject","@id":"https:\/\/secure.gravatar.com\/avatar\/a414941ff2b86a79f1a70a433f21d60df00047fefe742a46b6fded139881a475?s=96&d=mm&r=g","url":"https:\/\/secure.gravatar.com\/avatar\/a414941ff2b86a79f1a70a433f21d60df00047fefe742a46b6fded139881a475?s=96&d=mm&r=g","height":96,"width":96}},"publisher":{"@type":"Organization","name":"calla.sk","logo":{"@type":"ImageObject","@id":"\/logo.png","url":"\/logo.png","width":600,"height":60}},"image":{"@type":"ImageObject","@id":"https:\/\/www.calla.sk\/wp-content\/uploads\/img_a283834_w2028_t1513705965.jpg","url":"https:\/\/www.calla.sk\/wp-content\/uploads\/img_a283834_w2028_t1513705965.jpg","height":0,"width":0},"wordCount":542,"keywords":null}]},{"@context":"https:\/\/schema.org","@type":"WebSite","@id":"https:\/\/www.calla.sk\/#website","name":"Calla","url":"https:\/\/www.calla.sk","potentialAction":{"@type":"SearchAction","target":"https:\/\/www.calla.sk\/?s={search_term_string}","query-input":"required name=search_term_string"}}]