[{"@context":"https:\/\/schema.org\/","@type":"Article","@id":"https:\/\/www.calla.sk\/naroky-na-vykon-klimatizacii-sa-zvysuju\/#Article","mainEntityOfPage":"https:\/\/www.calla.sk\/naroky-na-vykon-klimatizacii-sa-zvysuju\/","headline":"N\u00e1roky na v\u00fdkon klimatiz\u00e1cii sa zvy\u0161uj\u00fa","name":"N\u00e1roky na v\u00fdkon klimatiz\u00e1cii sa zvy\u0161uj\u00fa","description":"Ka\u017ed\u00fdm rokom prich\u00e1dzaj\u00fa cite\u013en\u00e9 zmeny po\u010dasia. \u0160tyri ro\u010dn\u00e9 obdobia u n\u00e1s prakticky u\u017e neexistuj\u00fa. V podstate sa strieda obdobie zimy a da\u017e\u010fa s obdob\u00edm sucha a hor\u00fa\u010dav. Aj my sa&hellip; ","datePublished":"2024-05-10","dateModified":"2024-05-10","author":{"@type":"Person","@id":"https:\/\/www.calla.sk\/author\/#Person","name":"","url":"https:\/\/www.calla.sk\/author\/","identifier":1,"image":{"@type":"ImageObject","@id":"https:\/\/secure.gravatar.com\/avatar\/a414941ff2b86a79f1a70a433f21d60df00047fefe742a46b6fded139881a475?s=96&d=mm&r=g","url":"https:\/\/secure.gravatar.com\/avatar\/a414941ff2b86a79f1a70a433f21d60df00047fefe742a46b6fded139881a475?s=96&d=mm&r=g","height":96,"width":96}},"publisher":{"@type":"Organization","name":"calla.sk","logo":{"@type":"ImageObject","@id":"\/logo.png","url":"\/logo.png","width":600,"height":60}},"image":{"@type":"ImageObject","@id":"https:\/\/www.calla.sk\/wp-content\/uploads\/woman-4390426_640_3.jpg","url":"https:\/\/www.calla.sk\/wp-content\/uploads\/woman-4390426_640_3.jpg","height":0,"width":0},"url":"https:\/\/www.calla.sk\/naroky-na-vykon-klimatizacii-sa-zvysuju\/","about":["Tovar"],"wordCount":347,"articleBody":"   Ka\u017ed\u00fdm rokom prich\u00e1dzaj\u00fa cite\u013en\u00e9 zmeny po\u010dasia. \u0160tyri ro\u010dn\u00e9 obdobia u n\u00e1s prakticky u\u017e neexistuj\u00fa. V podstate sa strieda obdobie zimy a da\u017e\u010fa s obdob\u00edm sucha a hor\u00fa\u010dav. Aj my sa mus\u00edme prisp\u00f4sobova\u0165 zmen\u00e1m v pr\u00edrodn\u00fdch cykloch. K\u00fdm niekedy boli teploty okolo tridsiatok v\u00edtan\u00e9 a nevedeli sme sa ich do\u010dka\u0165. Dnes nevydr\u017e\u00ed \u010dlovek na priamom slnku u\u017e pri 28 stup\u0148och. D\u00f4vodom je agres\u00edvnej\u0161ie p\u00f4sobenie slne\u010dn\u00fdch l\u00fa\u010dov na poko\u017eku \u010dloveka. Aj mlad\u00fd a zdrav\u00fd organizmus trp\u00ed pod vplyvom vysok\u00fdch hor\u00fa\u010dav. Dehydrat\u00e1cia a \u00fapal je naj\u010dastej\u0161\u00edm d\u00f4vodom k v\u00fdjazdom sanitiek po\u010das letn\u00fdch dn\u00ed.Rozumn\u00fdm je ukry\u0165 sa pred polud\u0148aj\u0161\u00edm slnkom. Intenzita \u017eiarenia je po\u010das poludnia na svojom maxime. Pobyt na priamom slnku je preto rizikov\u00fd. Najviac to plat\u00ed pre najmen\u0161ie deti, seniorov alebo osoby trpiace na kardiovaskul\u00e1rne choroby. Pr\u00edjemn\u00fdm schladen\u00edm je pobyt vo vykl\u00edmovanej miestnosti. Teda v miestnosti, kde je upraven\u00e1 v\u00fd\u0161ka teploty prostredia. Klimatiza\u010dn\u00e9 jednotky pracuj\u00fa na pln\u00e9 obr\u00e1tky. S vy\u0161\u0161\u00edm z\u00e1berom je ale potrebn\u00e9 kvalitnej\u0161ie zariadenie. Klimatiz\u00e1cia Daikin https:\/\/masterklima.sk\/product-tag\/klimatizacia-daikin\/  je ide\u00e1lnou vo\u013ebou v pomere v\u00fdkonu a ceny. Hlavn\u00fdm krit\u00e9riom pri v\u00fdbere vhodnej klimatiz\u00e1cie je priestor, ktor\u00fd bude chladi\u0165.  Pok\u00fdm na men\u0161ie miestnosti posta\u010d\u00ed klimatiza\u010dn\u00e1 jednotka z\u00e1kladnej rady. Na \u00fapravu parametrov vo v\u00e4\u010d\u0161om prostred\u00ed, sa budete musie\u0165 porozhliadnu\u0165 po v\u00fdkonnej\u0161ej klimatiz\u00e1cii. Novinkou na trhu s\u00fa aj v\u00fdkonnej\u0161ie jednotky, ktor\u00e9 dok\u00e1\u017eu utiahnu\u0165 fungovanie a\u017e piatich vn\u00fatorn\u00fdch jednotiek. Samozrejme nesmieme ale zab\u00fada\u0165 na potreby legislat\u00edvy. Teraz ale nejde iba o v\u00fdhodnos\u0165 a financie, ale aj o \u017eivotn\u00e9 prostredie. Nie nadarmo je in\u0161tal\u00e1cia klimatiz\u00e1cie jedn\u00fdm z rie\u0161en\u00ed pre men\u0161iu spotrebu energie. Okrem toho, \u017ee \u0161etr\u00ed rodinn\u00fd rozpo\u010det je teda \u0161etrnej\u0161ia aj k \u017eivotn\u00e9mu prostrediu.                                                                                                                                                                                                                                                                                                                                                                                                   "},{"@context":"https:\/\/schema.org\/","@type":"BreadcrumbList","itemListElement":[{"@type":"ListItem","position":1,"name":"N\u00e1roky na v\u00fdkon klimatiz\u00e1cii sa zvy\u0161uj\u00fa","item":"https:\/\/www.calla.sk\/naroky-na-vykon-klimatizacii-sa-zvysuju\/#breadcrumbitem"}]}]